{"id":2344,"date":"2023-01-30T12:33:40","date_gmt":"2023-01-30T11:33:40","guid":{"rendered":"https:\/\/www.uvasfrescas.com\/?p=2344"},"modified":"2023-02-01T17:27:07","modified_gmt":"2023-02-01T16:27:07","slug":"la-revista-elle-se-rinde-a-nuestro-perfume-de-uva","status":"publish","type":"post","link":"https:\/\/www.uvasfrescas.com\/en\/la-revista-elle-se-rinde-a-nuestro-perfume-de-uva\/","title":{"rendered":"Menci\u00f3n especial a nuestro Perfume en la revista ELLE"},"content":{"rendered":"<p>La revista ELLE Espa\u00f1a ha dedicado un art\u00edculo muy especial a nuestro Agua de Perfume: <\/p>\n\n\n\n<p>&#8220;&#8230; En cuanto a los&nbsp;<a href=\"https:\/\/www.elle.com\/es\/belleza\/cara-cuerpo\/g23448478\/mejores-perfumes-mujer\/\" target=\"_blank\" rel=\"noopener\">perfumes<\/a>&nbsp;y su magnetismo, hay una categor\u00eda que despunta sobre otros:&nbsp;<strong>olor a infancia y a limpio<\/strong>. Esa combinaci\u00f3n es explosiva y lo es todav\u00eda m\u00e1s si a\u00f1adimos un toque a primavera.<\/p>\n\n\n\n<p>Exactamente eso es lo que conecta &#8216;Esencia de la Vid&#8217; de Uvas Frescas, una fragancia refrescante y delicada, nos hace recordar la sutil&nbsp;<strong>Flor de Uva, con alegres gotas de pomelo, peon\u00eda y bergamota<\/strong>. Quienes lo prueban repiten siempre, la usan las madres y los hijos, mujeres que quieren una primavera en su piel, independientemente de la \u00e9poca del a\u00f1o en la que est\u00e9n.&#8221;<\/p>\n\n\n\n<p>Gracias a la revista ELLE y a Marichu del Amo por este bonito homenaje a uno de nuestros productos estrella.<\/p>\n\n\n\n<p>Link: https:\/\/www.elle.com\/es\/belleza\/cara-cuerpo\/a42673023\/perfume-adulto-colonias-infantiles-huelen-impio\/<\/p>","protected":false},"excerpt":{"rendered":"<p>La revista ELLE Espa\u00f1a ha dedicado un art\u00edculo muy especial a nuestro Agua de Perfume: &#8220;&#8230; En cuanto a los&nbsp;perfumes&nbsp;y su magnetismo, hay una categor\u00eda que despunta sobre otros:&nbsp;olor a infancia y a limpio. Esa combinaci\u00f3n es explosiva y lo es todav\u00eda m\u00e1s si a\u00f1adimos un toque a primavera. Exactamente eso es lo que conecta [&hellip;]<\/p>\n","protected":false},"author":2,"featured_media":2345,"comment_status":"open","ping_status":"open","sticky":false,"template":"","format":"standard","meta":{"_acf_changed":false,"footnotes":""},"categories":[1],"tags":[],"class_list":["post-2344","post","type-post","status-publish","format-standard","has-post-thumbnail","hentry","category-sin-categoria"],"acf":[],"_links":{"self":[{"href":"https:\/\/www.uvasfrescas.com\/en\/wp-json\/wp\/v2\/posts\/2344","targetHints":{"allow":["GET"]}}],"collection":[{"href":"https:\/\/www.uvasfrescas.com\/en\/wp-json\/wp\/v2\/posts"}],"about":[{"href":"https:\/\/www.uvasfrescas.com\/en\/wp-json\/wp\/v2\/types\/post"}],"author":[{"embeddable":true,"href":"https:\/\/www.uvasfrescas.com\/en\/wp-json\/wp\/v2\/users\/2"}],"replies":[{"embeddable":true,"href":"https:\/\/www.uvasfrescas.com\/en\/wp-json\/wp\/v2\/comments?post=2344"}],"version-history":[{"count":7,"href":"https:\/\/www.uvasfrescas.com\/en\/wp-json\/wp\/v2\/posts\/2344\/revisions"}],"predecessor-version":[{"id":2358,"href":"https:\/\/www.uvasfrescas.com\/en\/wp-json\/wp\/v2\/posts\/2344\/revisions\/2358"}],"wp:featuredmedia":[{"embeddable":true,"href":"https:\/\/www.uvasfrescas.com\/en\/wp-json\/wp\/v2\/media\/2345"}],"wp:attachment":[{"href":"https:\/\/www.uvasfrescas.com\/en\/wp-json\/wp\/v2\/media?parent=2344"}],"wp:term":[{"taxonomy":"category","embeddable":true,"href":"https:\/\/www.uvasfrescas.com\/en\/wp-json\/wp\/v2\/categories?post=2344"},{"taxonomy":"post_tag","embeddable":true,"href":"https:\/\/www.uvasfrescas.com\/en\/wp-json\/wp\/v2\/tags?post=2344"}],"curies":[{"name":"wp","href":"https:\/\/api.w.org\/{rel}","templated":true}]}}